{"id":997,"date":"2016-09-16T13:08:49","date_gmt":"2016-09-16T11:08:49","guid":{"rendered":"https:\/\/www.its-projekt.de\/_preview_\/?p=997"},"modified":"2021-08-02T10:58:28","modified_gmt":"2021-08-02T08:58:28","slug":"laying-of-the-foundation-stone-at-stuttgart-main-station","status":"publish","type":"post","link":"https:\/\/www.its-projekt.de\/en\/laying-of-the-foundation-stone-at-stuttgart-main-station\/","title":{"rendered":"Laying of the foundation stone at Stuttgart Central Station"},"content":{"rendered":"","protected":false},"excerpt":{"rendered":"","protected":false},"author":3,"featured_media":0,"comment_status":"closed","ping_status":"closed","sticky":false,"template":"","format":"standard","meta":{"footnotes":""},"categories":[1],"tags":[],"class_list":["post-997","post","type-post","status-publish","format-standard","hentry","category-medien"],"yoast_head":"<!-- This site is optimized with the Yoast SEO plugin v20.1 - https:\/\/yoast.com\/wordpress\/plugins\/seo\/ -->\n<title>Grundsteinlegung am Stuttgarter Hauptbahnhof - InfoTurmStuttgart<\/title>\n<meta name=\"description\" content=\"Die Deutsche Bahn AG hat unter Beteiligung zahlreicher Ehreng\u00e4ste die Grundsteinlegung f\u00fcr den zuk\u00fcnftigen Stuttgarter Hauptbahnhof gefeiert.\" \/>\n<meta name=\"robots\" content=\"index, follow, max-snippet:-1, max-image-preview:large, max-video-preview:-1\" \/>\n<link rel=\"canonical\" href=\"https:\/\/www.its-projekt.de\/en\/laying-of-the-foundation-stone-at-stuttgart-main-station\/\" \/>\n<meta property=\"og:locale\" content=\"en_US\" \/>\n<meta property=\"og:type\" content=\"article\" \/>\n<meta property=\"og:title\" content=\"Grundsteinlegung am Stuttgarter Hauptbahnhof - InfoTurmStuttgart\" \/>\n<meta property=\"og:description\" content=\"Die Deutsche Bahn AG hat unter Beteiligung zahlreicher Ehreng\u00e4ste die Grundsteinlegung f\u00fcr den zuk\u00fcnftigen Stuttgarter Hauptbahnhof gefeiert.\" \/>\n<meta property=\"og:url\" content=\"https:\/\/www.its-projekt.de\/en\/laying-of-the-foundation-stone-at-stuttgart-main-station\/\" \/>\n<meta property=\"og:site_name\" content=\"InfoTurmStuttgart\" \/>\n<meta property=\"article:published_time\" content=\"2016-09-16T11:08:49+00:00\" \/>\n<meta property=\"article:modified_time\" content=\"2021-08-02T08:58:28+00:00\" \/>\n<meta name=\"author\" content=\"Marielle Mayr\" \/>\n<meta name=\"twitter:card\" content=\"summary_large_image\" \/>\n<meta name=\"twitter:label1\" content=\"Written by\" \/>\n\t<meta name=\"twitter:data1\" content=\"Marielle Mayr\" \/>\n<script type=\"application\/ld+json\" class=\"yoast-schema-graph\">{\"@context\":\"https:\/\/schema.org\",\"@graph\":[{\"@type\":\"WebPage\",\"@id\":\"https:\/\/www.its-projekt.de\/grundsteinlegung-am-stuttgarter-hauptbahnhof\/\",\"url\":\"https:\/\/www.its-projekt.de\/grundsteinlegung-am-stuttgarter-hauptbahnhof\/\",\"name\":\"Grundsteinlegung am Stuttgarter Hauptbahnhof - InfoTurmStuttgart\",\"isPartOf\":{\"@id\":\"https:\/\/www.its-projekt.de\/#website\"},\"datePublished\":\"2016-09-16T11:08:49+00:00\",\"dateModified\":\"2021-08-02T08:58:28+00:00\",\"author\":{\"@id\":\"https:\/\/www.its-projekt.de\/#\/schema\/person\/e6f8beeaefc0accaccc2e3ac031aa8aa\"},\"description\":\"Die Deutsche Bahn AG hat unter Beteiligung zahlreicher Ehreng\u00e4ste die Grundsteinlegung f\u00fcr den zuk\u00fcnftigen Stuttgarter Hauptbahnhof gefeiert.\",\"breadcrumb\":{\"@id\":\"https:\/\/www.its-projekt.de\/grundsteinlegung-am-stuttgarter-hauptbahnhof\/#breadcrumb\"},\"inLanguage\":\"en-US\",\"potentialAction\":[{\"@type\":\"ReadAction\",\"target\":[\"https:\/\/www.its-projekt.de\/grundsteinlegung-am-stuttgarter-hauptbahnhof\/\"]}]},{\"@type\":\"BreadcrumbList\",\"@id\":\"https:\/\/www.its-projekt.de\/grundsteinlegung-am-stuttgarter-hauptbahnhof\/#breadcrumb\",\"itemListElement\":[{\"@type\":\"ListItem\",\"position\":1,\"name\":\"Startseite\",\"item\":\"https:\/\/www.its-projekt.de\/\"},{\"@type\":\"ListItem\",\"position\":2,\"name\":\"Grundsteinlegung am Stuttgarter Hauptbahnhof\"}]},{\"@type\":\"WebSite\",\"@id\":\"https:\/\/www.its-projekt.de\/#website\",\"url\":\"https:\/\/www.its-projekt.de\/\",\"name\":\"InfoTurmStuttgart\",\"description\":\"\",\"potentialAction\":[{\"@type\":\"SearchAction\",\"target\":{\"@type\":\"EntryPoint\",\"urlTemplate\":\"https:\/\/www.its-projekt.de\/?s={search_term_string}\"},\"query-input\":\"required name=search_term_string\"}],\"inLanguage\":\"en-US\"},{\"@type\":\"Person\",\"@id\":\"https:\/\/www.its-projekt.de\/#\/schema\/person\/e6f8beeaefc0accaccc2e3ac031aa8aa\",\"name\":\"Marielle Mayr\",\"url\":\"https:\/\/www.its-projekt.de\/en\/author\/marielle-mayr\/\"}]}<\/script>\n<!-- \/ Yoast SEO plugin. -->","yoast_head_json":{"title":"Foundation stone laid at Stuttgart Central Station - InfoTurmStuttgart","description":"Deutsche Bahn AG celebrated the laying of the foundation stone for the future Stuttgart Central Station with the participation of numerous guests of honor.","robots":{"index":"index","follow":"follow","max-snippet":"max-snippet:-1","max-image-preview":"max-image-preview:large","max-video-preview":"max-video-preview:-1"},"canonical":"https:\/\/www.its-projekt.de\/en\/laying-of-the-foundation-stone-at-stuttgart-main-station\/","og_locale":"en_US","og_type":"article","og_title":"Grundsteinlegung am Stuttgarter Hauptbahnhof - InfoTurmStuttgart","og_description":"Die Deutsche Bahn AG hat unter Beteiligung zahlreicher Ehreng\u00e4ste die Grundsteinlegung f\u00fcr den zuk\u00fcnftigen Stuttgarter Hauptbahnhof gefeiert.","og_url":"https:\/\/www.its-projekt.de\/en\/laying-of-the-foundation-stone-at-stuttgart-main-station\/","og_site_name":"InfoTurmStuttgart","article_published_time":"2016-09-16T11:08:49+00:00","article_modified_time":"2021-08-02T08:58:28+00:00","author":"Marielle Mayr","twitter_card":"summary_large_image","twitter_misc":{"Written by":"Marielle Mayr"},"schema":{"@context":"https:\/\/schema.org","@graph":[{"@type":"WebPage","@id":"https:\/\/www.its-projekt.de\/grundsteinlegung-am-stuttgarter-hauptbahnhof\/","url":"https:\/\/www.its-projekt.de\/grundsteinlegung-am-stuttgarter-hauptbahnhof\/","name":"Foundation stone laid at Stuttgart Central Station - InfoTurmStuttgart","isPartOf":{"@id":"https:\/\/www.its-projekt.de\/#website"},"datePublished":"2016-09-16T11:08:49+00:00","dateModified":"2021-08-02T08:58:28+00:00","author":{"@id":"https:\/\/www.its-projekt.de\/#\/schema\/person\/e6f8beeaefc0accaccc2e3ac031aa8aa"},"description":"Deutsche Bahn AG celebrated the laying of the foundation stone for the future Stuttgart Central Station with the participation of numerous guests of honor.","breadcrumb":{"@id":"https:\/\/www.its-projekt.de\/grundsteinlegung-am-stuttgarter-hauptbahnhof\/#breadcrumb"},"inLanguage":"en-US","potentialAction":[{"@type":"ReadAction","target":["https:\/\/www.its-projekt.de\/grundsteinlegung-am-stuttgarter-hauptbahnhof\/"]}]},{"@type":"BreadcrumbList","@id":"https:\/\/www.its-projekt.de\/grundsteinlegung-am-stuttgarter-hauptbahnhof\/#breadcrumb","itemListElement":[{"@type":"ListItem","position":1,"name":"Startseite","item":"https:\/\/www.its-projekt.de\/"},{"@type":"ListItem","position":2,"name":"Grundsteinlegung am Stuttgarter Hauptbahnhof"}]},{"@type":"WebSite","@id":"https:\/\/www.its-projekt.de\/#website","url":"https:\/\/www.its-projekt.de\/","name":"InfoTurmStuttgart","description":"","potentialAction":[{"@type":"SearchAction","target":{"@type":"EntryPoint","urlTemplate":"https:\/\/www.its-projekt.de\/?s={search_term_string}"},"query-input":"required name=search_term_string"}],"inLanguage":"en-US"},{"@type":"Person","@id":"https:\/\/www.its-projekt.de\/#\/schema\/person\/e6f8beeaefc0accaccc2e3ac031aa8aa","name":"Marielle Mayr","url":"https:\/\/www.its-projekt.de\/en\/author\/marielle-mayr\/"}]}},"_links":{"self":[{"href":"https:\/\/www.its-projekt.de\/en\/wp-json\/wp\/v2\/posts\/997","targetHints":{"allow":["GET"]}}],"collection":[{"href":"https:\/\/www.its-projekt.de\/en\/wp-json\/wp\/v2\/posts"}],"about":[{"href":"https:\/\/www.its-projekt.de\/en\/wp-json\/wp\/v2\/types\/post"}],"author":[{"embeddable":true,"href":"https:\/\/www.its-projekt.de\/en\/wp-json\/wp\/v2\/users\/3"}],"replies":[{"embeddable":true,"href":"https:\/\/www.its-projekt.de\/en\/wp-json\/wp\/v2\/comments?post=997"}],"version-history":[{"count":5,"href":"https:\/\/www.its-projekt.de\/en\/wp-json\/wp\/v2\/posts\/997\/revisions"}],"predecessor-version":[{"id":3296,"href":"https:\/\/www.its-projekt.de\/en\/wp-json\/wp\/v2\/posts\/997\/revisions\/3296"}],"wp:attachment":[{"href":"https:\/\/www.its-projekt.de\/en\/wp-json\/wp\/v2\/media?parent=997"}],"wp:term":[{"taxonomy":"category","embeddable":true,"href":"https:\/\/www.its-projekt.de\/en\/wp-json\/wp\/v2\/categories?post=997"},{"taxonomy":"post_tag","embeddable":true,"href":"https:\/\/www.its-projekt.de\/en\/wp-json\/wp\/v2\/tags?post=997"}],"curies":[{"name":"wp","href":"https:\/\/api.w.org\/{rel}","templated":true}]}}