{"id":5440,"date":"2022-09-26T11:08:19","date_gmt":"2022-09-26T09:08:19","guid":{"rendered":"https:\/\/www.its-projekt.de\/?p=5440"},"modified":"2022-09-26T16:03:41","modified_gmt":"2022-09-26T14:03:41","slug":"buergerfest-station-place-ulm","status":"publish","type":"post","link":"https:\/\/www.its-projekt.de\/en\/buergerfest-station-place-ulm\/","title":{"rendered":"Many reasons to celebrate - Citizens' festival on the new station square in Ulm"},"content":{"rendered":"","protected":false},"excerpt":{"rendered":"","protected":false},"author":19,"featured_media":0,"comment_status":"closed","ping_status":"closed","sticky":false,"template":"","format":"standard","meta":{"footnotes":""},"categories":[11,1,7],"tags":[],"class_list":["post-5440","post","type-post","status-publish","format-standard","hentry","category-aktuelles","category-medien","category-news"],"yoast_head":"<!-- This site is optimized with the Yoast SEO plugin v20.1 - https:\/\/yoast.com\/wordpress\/plugins\/seo\/ -->\n<title>B\u00fcrgerfest auf dem neuen Bahnhofsplatz in Ulm - InfoTurmStuttgart<\/title>\n<meta name=\"description\" content=\"Anl\u00e4sslich der Fertigstellung des Citybahnhofs &amp; Umgebung, findet am 01.10.2022 auf dem neuen Bahnhofsplatz in Ulm ein B\u00fcrgerfest statt\" \/>\n<meta name=\"robots\" content=\"index, follow, max-snippet:-1, max-image-preview:large, max-video-preview:-1\" \/>\n<link rel=\"canonical\" href=\"https:\/\/www.its-projekt.de\/en\/buergerfest-station-place-ulm\/\" \/>\n<meta property=\"og:locale\" content=\"en_US\" \/>\n<meta property=\"og:type\" content=\"article\" \/>\n<meta property=\"og:title\" content=\"B\u00fcrgerfest auf dem neuen Bahnhofsplatz in Ulm - InfoTurmStuttgart\" \/>\n<meta property=\"og:description\" content=\"Anl\u00e4sslich der Fertigstellung des Citybahnhofs &amp; Umgebung, findet am 01.10.2022 auf dem neuen Bahnhofsplatz in Ulm ein B\u00fcrgerfest statt\" \/>\n<meta property=\"og:url\" content=\"https:\/\/www.its-projekt.de\/en\/buergerfest-station-place-ulm\/\" \/>\n<meta property=\"og:site_name\" content=\"InfoTurmStuttgart\" \/>\n<meta property=\"article:published_time\" content=\"2022-09-26T09:08:19+00:00\" \/>\n<meta property=\"article:modified_time\" content=\"2022-09-26T14:03:41+00:00\" \/>\n<meta name=\"author\" content=\"Elijah Roller\" \/>\n<meta name=\"twitter:card\" content=\"summary_large_image\" \/>\n<meta name=\"twitter:label1\" content=\"Written by\" \/>\n\t<meta name=\"twitter:data1\" content=\"Elijah Roller\" \/>\n<script type=\"application\/ld+json\" class=\"yoast-schema-graph\">{\"@context\":\"https:\/\/schema.org\",\"@graph\":[{\"@type\":\"WebPage\",\"@id\":\"https:\/\/www.its-projekt.de\/buergerfest-bahnhofsplatz-ulm\/\",\"url\":\"https:\/\/www.its-projekt.de\/buergerfest-bahnhofsplatz-ulm\/\",\"name\":\"B\u00fcrgerfest auf dem neuen Bahnhofsplatz in Ulm - InfoTurmStuttgart\",\"isPartOf\":{\"@id\":\"https:\/\/www.its-projekt.de\/#website\"},\"datePublished\":\"2022-09-26T09:08:19+00:00\",\"dateModified\":\"2022-09-26T14:03:41+00:00\",\"author\":{\"@id\":\"https:\/\/www.its-projekt.de\/#\/schema\/person\/ff986de44399e971dba1793807c6140f\"},\"description\":\"Anl\u00e4sslich der Fertigstellung des Citybahnhofs & Umgebung, findet am 01.10.2022 auf dem neuen Bahnhofsplatz in Ulm ein B\u00fcrgerfest statt\",\"breadcrumb\":{\"@id\":\"https:\/\/www.its-projekt.de\/buergerfest-bahnhofsplatz-ulm\/#breadcrumb\"},\"inLanguage\":\"en-US\",\"potentialAction\":[{\"@type\":\"ReadAction\",\"target\":[\"https:\/\/www.its-projekt.de\/buergerfest-bahnhofsplatz-ulm\/\"]}]},{\"@type\":\"BreadcrumbList\",\"@id\":\"https:\/\/www.its-projekt.de\/buergerfest-bahnhofsplatz-ulm\/#breadcrumb\",\"itemListElement\":[{\"@type\":\"ListItem\",\"position\":1,\"name\":\"Startseite\",\"item\":\"https:\/\/www.its-projekt.de\/\"},{\"@type\":\"ListItem\",\"position\":2,\"name\":\"Viele Gr\u00fcnde zum Feiern &#8211; B\u00fcrgerfest auf dem neuen Bahnhofsplatz in Ulm\"}]},{\"@type\":\"WebSite\",\"@id\":\"https:\/\/www.its-projekt.de\/#website\",\"url\":\"https:\/\/www.its-projekt.de\/\",\"name\":\"InfoTurmStuttgart\",\"description\":\"\",\"potentialAction\":[{\"@type\":\"SearchAction\",\"target\":{\"@type\":\"EntryPoint\",\"urlTemplate\":\"https:\/\/www.its-projekt.de\/?s={search_term_string}\"},\"query-input\":\"required name=search_term_string\"}],\"inLanguage\":\"en-US\"},{\"@type\":\"Person\",\"@id\":\"https:\/\/www.its-projekt.de\/#\/schema\/person\/ff986de44399e971dba1793807c6140f\",\"name\":\"Elijah Roller\",\"url\":\"https:\/\/www.its-projekt.de\/en\/author\/elijah-roller\/\"}]}<\/script>\n<!-- \/ Yoast SEO plugin. -->","yoast_head_json":{"title":"Citizens' festival on the new station square in Ulm - InfoTurmStuttgart","description":"On the occasion of the completion of the Citybahnhof &amp; surroundings, a citizens' festival will take place on 01.10.2022 on the new station square in Ulm","robots":{"index":"index","follow":"follow","max-snippet":"max-snippet:-1","max-image-preview":"max-image-preview:large","max-video-preview":"max-video-preview:-1"},"canonical":"https:\/\/www.its-projekt.de\/en\/buergerfest-station-place-ulm\/","og_locale":"en_US","og_type":"article","og_title":"B\u00fcrgerfest auf dem neuen Bahnhofsplatz in Ulm - InfoTurmStuttgart","og_description":"Anl\u00e4sslich der Fertigstellung des Citybahnhofs & Umgebung, findet am 01.10.2022 auf dem neuen Bahnhofsplatz in Ulm ein B\u00fcrgerfest statt","og_url":"https:\/\/www.its-projekt.de\/en\/buergerfest-station-place-ulm\/","og_site_name":"InfoTurmStuttgart","article_published_time":"2022-09-26T09:08:19+00:00","article_modified_time":"2022-09-26T14:03:41+00:00","author":"Elijah Roller","twitter_card":"summary_large_image","twitter_misc":{"Written by":"Elijah Roller"},"schema":{"@context":"https:\/\/schema.org","@graph":[{"@type":"WebPage","@id":"https:\/\/www.its-projekt.de\/buergerfest-bahnhofsplatz-ulm\/","url":"https:\/\/www.its-projekt.de\/buergerfest-bahnhofsplatz-ulm\/","name":"Citizens' festival on the new station square in Ulm - InfoTurmStuttgart","isPartOf":{"@id":"https:\/\/www.its-projekt.de\/#website"},"datePublished":"2022-09-26T09:08:19+00:00","dateModified":"2022-09-26T14:03:41+00:00","author":{"@id":"https:\/\/www.its-projekt.de\/#\/schema\/person\/ff986de44399e971dba1793807c6140f"},"description":"On the occasion of the completion of the Citybahnhof &amp; surroundings, a citizens' festival will take place on 01.10.2022 on the new station square in Ulm","breadcrumb":{"@id":"https:\/\/www.its-projekt.de\/buergerfest-bahnhofsplatz-ulm\/#breadcrumb"},"inLanguage":"en-US","potentialAction":[{"@type":"ReadAction","target":["https:\/\/www.its-projekt.de\/buergerfest-bahnhofsplatz-ulm\/"]}]},{"@type":"BreadcrumbList","@id":"https:\/\/www.its-projekt.de\/buergerfest-bahnhofsplatz-ulm\/#breadcrumb","itemListElement":[{"@type":"ListItem","position":1,"name":"Startseite","item":"https:\/\/www.its-projekt.de\/"},{"@type":"ListItem","position":2,"name":"Viele Gr\u00fcnde zum Feiern &#8211; B\u00fcrgerfest auf dem neuen Bahnhofsplatz in Ulm"}]},{"@type":"WebSite","@id":"https:\/\/www.its-projekt.de\/#website","url":"https:\/\/www.its-projekt.de\/","name":"InfoTurmStuttgart","description":"","potentialAction":[{"@type":"SearchAction","target":{"@type":"EntryPoint","urlTemplate":"https:\/\/www.its-projekt.de\/?s={search_term_string}"},"query-input":"required name=search_term_string"}],"inLanguage":"en-US"},{"@type":"Person","@id":"https:\/\/www.its-projekt.de\/#\/schema\/person\/ff986de44399e971dba1793807c6140f","name":"Elijah Roller","url":"https:\/\/www.its-projekt.de\/en\/author\/elijah-roller\/"}]}},"_links":{"self":[{"href":"https:\/\/www.its-projekt.de\/en\/wp-json\/wp\/v2\/posts\/5440","targetHints":{"allow":["GET"]}}],"collection":[{"href":"https:\/\/www.its-projekt.de\/en\/wp-json\/wp\/v2\/posts"}],"about":[{"href":"https:\/\/www.its-projekt.de\/en\/wp-json\/wp\/v2\/types\/post"}],"author":[{"embeddable":true,"href":"https:\/\/www.its-projekt.de\/en\/wp-json\/wp\/v2\/users\/19"}],"replies":[{"embeddable":true,"href":"https:\/\/www.its-projekt.de\/en\/wp-json\/wp\/v2\/comments?post=5440"}],"version-history":[{"count":15,"href":"https:\/\/www.its-projekt.de\/en\/wp-json\/wp\/v2\/posts\/5440\/revisions"}],"predecessor-version":[{"id":5481,"href":"https:\/\/www.its-projekt.de\/en\/wp-json\/wp\/v2\/posts\/5440\/revisions\/5481"}],"wp:attachment":[{"href":"https:\/\/www.its-projekt.de\/en\/wp-json\/wp\/v2\/media?parent=5440"}],"wp:term":[{"taxonomy":"category","embeddable":true,"href":"https:\/\/www.its-projekt.de\/en\/wp-json\/wp\/v2\/categories?post=5440"},{"taxonomy":"post_tag","embeddable":true,"href":"https:\/\/www.its-projekt.de\/en\/wp-json\/wp\/v2\/tags?post=5440"}],"curies":[{"name":"wp","href":"https:\/\/api.w.org\/{rel}","templated":true}]}}