{"id":5342,"date":"2022-08-26T10:25:47","date_gmt":"2022-08-26T08:25:47","guid":{"rendered":"https:\/\/www.its-projekt.de\/?p=5342"},"modified":"2022-09-16T18:28:13","modified_gmt":"2022-09-16T16:28:13","slug":"mobilitaetsweek-2022","status":"publish","type":"post","link":"https:\/\/www.its-projekt.de\/en\/mobilitaetsweek-2022\/","title":{"rendered":"Mobility Week Stuttgart 2022 x Day of the Rail: We are there!"},"content":{"rendered":"","protected":false},"excerpt":{"rendered":"","protected":false},"author":19,"featured_media":0,"comment_status":"closed","ping_status":"closed","sticky":false,"template":"","format":"standard","meta":{"footnotes":""},"categories":[11,1,7],"tags":[],"class_list":["post-5342","post","type-post","status-publish","format-standard","hentry","category-aktuelles","category-medien","category-news"],"yoast_head":"<!-- This site is optimized with the Yoast SEO plugin v20.1 - https:\/\/yoast.com\/wordpress\/plugins\/seo\/ -->\n<title>Mobilit\u00e4tswoche Stuttgart 2022 x Tag der Schiene: Wir sind dabei! - ITS<\/title>\n<meta name=\"description\" content=\"W\u00e4hrend der Mobilit\u00e4tswoche erwarten Euch spannenden F\u00fchrungen und informative Ausstellungen zum Thema Stuttgart als Digitaler Knoten.\" \/>\n<meta name=\"robots\" content=\"index, follow, max-snippet:-1, max-image-preview:large, max-video-preview:-1\" \/>\n<link rel=\"canonical\" href=\"https:\/\/www.its-projekt.de\/en\/mobilitaetsweek-2022\/\" \/>\n<meta property=\"og:locale\" content=\"en_US\" \/>\n<meta property=\"og:type\" content=\"article\" \/>\n<meta property=\"og:title\" content=\"Mobilit\u00e4tswoche Stuttgart 2022 x Tag der Schiene: Wir sind dabei! - ITS\" \/>\n<meta property=\"og:description\" content=\"W\u00e4hrend der Mobilit\u00e4tswoche erwarten Euch spannenden F\u00fchrungen und informative Ausstellungen zum Thema Stuttgart als Digitaler Knoten.\" \/>\n<meta property=\"og:url\" content=\"https:\/\/www.its-projekt.de\/en\/mobilitaetsweek-2022\/\" \/>\n<meta property=\"og:site_name\" content=\"InfoTurmStuttgart\" \/>\n<meta property=\"article:published_time\" content=\"2022-08-26T08:25:47+00:00\" \/>\n<meta property=\"article:modified_time\" content=\"2022-09-16T16:28:13+00:00\" \/>\n<meta name=\"author\" content=\"Elijah Roller\" \/>\n<meta name=\"twitter:card\" content=\"summary_large_image\" \/>\n<meta name=\"twitter:label1\" content=\"Written by\" \/>\n\t<meta name=\"twitter:data1\" content=\"Elijah Roller\" \/>\n<script type=\"application\/ld+json\" class=\"yoast-schema-graph\">{\"@context\":\"https:\/\/schema.org\",\"@graph\":[{\"@type\":\"WebPage\",\"@id\":\"https:\/\/www.its-projekt.de\/mobilitaetswoche-2022\/\",\"url\":\"https:\/\/www.its-projekt.de\/mobilitaetswoche-2022\/\",\"name\":\"Mobilit\u00e4tswoche Stuttgart 2022 x Tag der Schiene: Wir sind dabei! - ITS\",\"isPartOf\":{\"@id\":\"https:\/\/www.its-projekt.de\/#website\"},\"datePublished\":\"2022-08-26T08:25:47+00:00\",\"dateModified\":\"2022-09-16T16:28:13+00:00\",\"author\":{\"@id\":\"https:\/\/www.its-projekt.de\/#\/schema\/person\/ff986de44399e971dba1793807c6140f\"},\"description\":\"W\u00e4hrend der Mobilit\u00e4tswoche erwarten Euch spannenden F\u00fchrungen und informative Ausstellungen zum Thema Stuttgart als Digitaler Knoten.\",\"breadcrumb\":{\"@id\":\"https:\/\/www.its-projekt.de\/mobilitaetswoche-2022\/#breadcrumb\"},\"inLanguage\":\"en-US\",\"potentialAction\":[{\"@type\":\"ReadAction\",\"target\":[\"https:\/\/www.its-projekt.de\/mobilitaetswoche-2022\/\"]}]},{\"@type\":\"BreadcrumbList\",\"@id\":\"https:\/\/www.its-projekt.de\/mobilitaetswoche-2022\/#breadcrumb\",\"itemListElement\":[{\"@type\":\"ListItem\",\"position\":1,\"name\":\"Startseite\",\"item\":\"https:\/\/www.its-projekt.de\/\"},{\"@type\":\"ListItem\",\"position\":2,\"name\":\"Mobilit\u00e4tswoche Stuttgart 2022 x Tag der Schiene: Wir sind dabei!\"}]},{\"@type\":\"WebSite\",\"@id\":\"https:\/\/www.its-projekt.de\/#website\",\"url\":\"https:\/\/www.its-projekt.de\/\",\"name\":\"InfoTurmStuttgart\",\"description\":\"\",\"potentialAction\":[{\"@type\":\"SearchAction\",\"target\":{\"@type\":\"EntryPoint\",\"urlTemplate\":\"https:\/\/www.its-projekt.de\/?s={search_term_string}\"},\"query-input\":\"required name=search_term_string\"}],\"inLanguage\":\"en-US\"},{\"@type\":\"Person\",\"@id\":\"https:\/\/www.its-projekt.de\/#\/schema\/person\/ff986de44399e971dba1793807c6140f\",\"name\":\"Elijah Roller\",\"url\":\"https:\/\/www.its-projekt.de\/en\/author\/elijah-roller\/\"}]}<\/script>\n<!-- \/ Yoast SEO plugin. -->","yoast_head_json":{"title":"Mobility Week Stuttgart 2022 x Day of the Rail: We are there! - ITS","description":"During Mobility Week, you can expect exciting guided tours and informative exhibitions on the topic of Stuttgart as a digital node.","robots":{"index":"index","follow":"follow","max-snippet":"max-snippet:-1","max-image-preview":"max-image-preview:large","max-video-preview":"max-video-preview:-1"},"canonical":"https:\/\/www.its-projekt.de\/en\/mobilitaetsweek-2022\/","og_locale":"en_US","og_type":"article","og_title":"Mobilit\u00e4tswoche Stuttgart 2022 x Tag der Schiene: Wir sind dabei! - ITS","og_description":"W\u00e4hrend der Mobilit\u00e4tswoche erwarten Euch spannenden F\u00fchrungen und informative Ausstellungen zum Thema Stuttgart als Digitaler Knoten.","og_url":"https:\/\/www.its-projekt.de\/en\/mobilitaetsweek-2022\/","og_site_name":"InfoTurmStuttgart","article_published_time":"2022-08-26T08:25:47+00:00","article_modified_time":"2022-09-16T16:28:13+00:00","author":"Elijah Roller","twitter_card":"summary_large_image","twitter_misc":{"Written by":"Elijah Roller"},"schema":{"@context":"https:\/\/schema.org","@graph":[{"@type":"WebPage","@id":"https:\/\/www.its-projekt.de\/mobilitaetswoche-2022\/","url":"https:\/\/www.its-projekt.de\/mobilitaetswoche-2022\/","name":"Mobility Week Stuttgart 2022 x Day of the Rail: We are there! - ITS","isPartOf":{"@id":"https:\/\/www.its-projekt.de\/#website"},"datePublished":"2022-08-26T08:25:47+00:00","dateModified":"2022-09-16T16:28:13+00:00","author":{"@id":"https:\/\/www.its-projekt.de\/#\/schema\/person\/ff986de44399e971dba1793807c6140f"},"description":"During Mobility Week, you can expect exciting guided tours and informative exhibitions on the topic of Stuttgart as a digital node.","breadcrumb":{"@id":"https:\/\/www.its-projekt.de\/mobilitaetswoche-2022\/#breadcrumb"},"inLanguage":"en-US","potentialAction":[{"@type":"ReadAction","target":["https:\/\/www.its-projekt.de\/mobilitaetswoche-2022\/"]}]},{"@type":"BreadcrumbList","@id":"https:\/\/www.its-projekt.de\/mobilitaetswoche-2022\/#breadcrumb","itemListElement":[{"@type":"ListItem","position":1,"name":"Startseite","item":"https:\/\/www.its-projekt.de\/"},{"@type":"ListItem","position":2,"name":"Mobilit\u00e4tswoche Stuttgart 2022 x Tag der Schiene: Wir sind dabei!"}]},{"@type":"WebSite","@id":"https:\/\/www.its-projekt.de\/#website","url":"https:\/\/www.its-projekt.de\/","name":"InfoTurmStuttgart","description":"","potentialAction":[{"@type":"SearchAction","target":{"@type":"EntryPoint","urlTemplate":"https:\/\/www.its-projekt.de\/?s={search_term_string}"},"query-input":"required name=search_term_string"}],"inLanguage":"en-US"},{"@type":"Person","@id":"https:\/\/www.its-projekt.de\/#\/schema\/person\/ff986de44399e971dba1793807c6140f","name":"Elijah Roller","url":"https:\/\/www.its-projekt.de\/en\/author\/elijah-roller\/"}]}},"_links":{"self":[{"href":"https:\/\/www.its-projekt.de\/en\/wp-json\/wp\/v2\/posts\/5342","targetHints":{"allow":["GET"]}}],"collection":[{"href":"https:\/\/www.its-projekt.de\/en\/wp-json\/wp\/v2\/posts"}],"about":[{"href":"https:\/\/www.its-projekt.de\/en\/wp-json\/wp\/v2\/types\/post"}],"author":[{"embeddable":true,"href":"https:\/\/www.its-projekt.de\/en\/wp-json\/wp\/v2\/users\/19"}],"replies":[{"embeddable":true,"href":"https:\/\/www.its-projekt.de\/en\/wp-json\/wp\/v2\/comments?post=5342"}],"version-history":[{"count":30,"href":"https:\/\/www.its-projekt.de\/en\/wp-json\/wp\/v2\/posts\/5342\/revisions"}],"predecessor-version":[{"id":5370,"href":"https:\/\/www.its-projekt.de\/en\/wp-json\/wp\/v2\/posts\/5342\/revisions\/5370"}],"wp:attachment":[{"href":"https:\/\/www.its-projekt.de\/en\/wp-json\/wp\/v2\/media?parent=5342"}],"wp:term":[{"taxonomy":"category","embeddable":true,"href":"https:\/\/www.its-projekt.de\/en\/wp-json\/wp\/v2\/categories?post=5342"},{"taxonomy":"post_tag","embeddable":true,"href":"https:\/\/www.its-projekt.de\/en\/wp-json\/wp\/v2\/tags?post=5342"}],"curies":[{"name":"wp","href":"https:\/\/api.w.org\/{rel}","templated":true}]}}