{"id":3652,"date":"2021-09-15T16:36:51","date_gmt":"2021-09-15T14:36:51","guid":{"rendered":"https:\/\/www.its-projekt.de\/?p=3652"},"modified":"2022-08-18T11:22:34","modified_gmt":"2022-08-18T09:22:34","slug":"mobilitaetswoche","status":"publish","type":"post","link":"https:\/\/www.its-projekt.de\/en\/mobilitaetswoche\/","title":{"rendered":"Mobility Week"},"content":{"rendered":"","protected":false},"excerpt":{"rendered":"","protected":false},"author":19,"featured_media":0,"comment_status":"closed","ping_status":"closed","sticky":false,"template":"","format":"standard","meta":{"footnotes":""},"categories":[11,1,7],"tags":[],"class_list":["post-3652","post","type-post","status-publish","format-standard","hentry","category-aktuelles","category-medien","category-news"],"yoast_head":"<!-- This site is optimized with the Yoast SEO plugin v20.1 - https:\/\/yoast.com\/wordpress\/plugins\/seo\/ -->\n<title>Mobilit\u00e4tswoche - InfoTurmStuttgart<\/title>\n<meta name=\"description\" content=\"Vom 16. bis zum 22. September findet die erste Mobilit\u00e4tswoche in Stuttgart statt. Das ITS ist mit dabei und bietet einmalige F\u00fchrungen mit dem Rad an.\" \/>\n<meta name=\"robots\" content=\"index, follow, max-snippet:-1, max-image-preview:large, max-video-preview:-1\" \/>\n<link rel=\"canonical\" href=\"https:\/\/www.its-projekt.de\/en\/mobilitaetswoche\/\" \/>\n<meta property=\"og:locale\" content=\"en_US\" \/>\n<meta property=\"og:type\" content=\"article\" \/>\n<meta property=\"og:title\" content=\"Mobilit\u00e4tswoche - InfoTurmStuttgart\" \/>\n<meta property=\"og:description\" content=\"Vom 16. bis zum 22. September findet die erste Mobilit\u00e4tswoche in Stuttgart statt. Das ITS ist mit dabei und bietet einmalige F\u00fchrungen mit dem Rad an.\" \/>\n<meta property=\"og:url\" content=\"https:\/\/www.its-projekt.de\/en\/mobilitaetswoche\/\" \/>\n<meta property=\"og:site_name\" content=\"InfoTurmStuttgart\" \/>\n<meta property=\"article:published_time\" content=\"2021-09-15T14:36:51+00:00\" \/>\n<meta property=\"article:modified_time\" content=\"2022-08-18T09:22:34+00:00\" \/>\n<meta name=\"author\" content=\"Elijah Roller\" \/>\n<meta name=\"twitter:card\" content=\"summary_large_image\" \/>\n<meta name=\"twitter:label1\" content=\"Written by\" \/>\n\t<meta name=\"twitter:data1\" content=\"Elijah Roller\" \/>\n<script type=\"application\/ld+json\" class=\"yoast-schema-graph\">{\"@context\":\"https:\/\/schema.org\",\"@graph\":[{\"@type\":\"WebPage\",\"@id\":\"https:\/\/www.its-projekt.de\/mobilitaetswoche\/\",\"url\":\"https:\/\/www.its-projekt.de\/mobilitaetswoche\/\",\"name\":\"Mobilit\u00e4tswoche - InfoTurmStuttgart\",\"isPartOf\":{\"@id\":\"https:\/\/www.its-projekt.de\/#website\"},\"datePublished\":\"2021-09-15T14:36:51+00:00\",\"dateModified\":\"2022-08-18T09:22:34+00:00\",\"author\":{\"@id\":\"https:\/\/www.its-projekt.de\/#\/schema\/person\/ff986de44399e971dba1793807c6140f\"},\"description\":\"Vom 16. bis zum 22. September findet die erste Mobilit\u00e4tswoche in Stuttgart statt. Das ITS ist mit dabei und bietet einmalige F\u00fchrungen mit dem Rad an.\",\"breadcrumb\":{\"@id\":\"https:\/\/www.its-projekt.de\/mobilitaetswoche\/#breadcrumb\"},\"inLanguage\":\"en-US\",\"potentialAction\":[{\"@type\":\"ReadAction\",\"target\":[\"https:\/\/www.its-projekt.de\/mobilitaetswoche\/\"]}]},{\"@type\":\"BreadcrumbList\",\"@id\":\"https:\/\/www.its-projekt.de\/mobilitaetswoche\/#breadcrumb\",\"itemListElement\":[{\"@type\":\"ListItem\",\"position\":1,\"name\":\"Startseite\",\"item\":\"https:\/\/www.its-projekt.de\/\"},{\"@type\":\"ListItem\",\"position\":2,\"name\":\"Mobilit\u00e4tswoche\"}]},{\"@type\":\"WebSite\",\"@id\":\"https:\/\/www.its-projekt.de\/#website\",\"url\":\"https:\/\/www.its-projekt.de\/\",\"name\":\"InfoTurmStuttgart\",\"description\":\"\",\"potentialAction\":[{\"@type\":\"SearchAction\",\"target\":{\"@type\":\"EntryPoint\",\"urlTemplate\":\"https:\/\/www.its-projekt.de\/?s={search_term_string}\"},\"query-input\":\"required name=search_term_string\"}],\"inLanguage\":\"en-US\"},{\"@type\":\"Person\",\"@id\":\"https:\/\/www.its-projekt.de\/#\/schema\/person\/ff986de44399e971dba1793807c6140f\",\"name\":\"Elijah Roller\",\"url\":\"https:\/\/www.its-projekt.de\/en\/author\/elijah-roller\/\"}]}<\/script>\n<!-- \/ Yoast SEO plugin. -->","yoast_head_json":{"title":"Mobility Week - InfoTurmStuttgart","description":"From September 16 to 22, the first Mobility Week will take place in Stuttgart. The ITS is taking part and offers unique guided tours by bike.","robots":{"index":"index","follow":"follow","max-snippet":"max-snippet:-1","max-image-preview":"max-image-preview:large","max-video-preview":"max-video-preview:-1"},"canonical":"https:\/\/www.its-projekt.de\/en\/mobilitaetswoche\/","og_locale":"en_US","og_type":"article","og_title":"Mobilit\u00e4tswoche - InfoTurmStuttgart","og_description":"Vom 16. bis zum 22. September findet die erste Mobilit\u00e4tswoche in Stuttgart statt. Das ITS ist mit dabei und bietet einmalige F\u00fchrungen mit dem Rad an.","og_url":"https:\/\/www.its-projekt.de\/en\/mobilitaetswoche\/","og_site_name":"InfoTurmStuttgart","article_published_time":"2021-09-15T14:36:51+00:00","article_modified_time":"2022-08-18T09:22:34+00:00","author":"Elijah Roller","twitter_card":"summary_large_image","twitter_misc":{"Written by":"Elijah Roller"},"schema":{"@context":"https:\/\/schema.org","@graph":[{"@type":"WebPage","@id":"https:\/\/www.its-projekt.de\/mobilitaetswoche\/","url":"https:\/\/www.its-projekt.de\/mobilitaetswoche\/","name":"Mobility Week - InfoTurmStuttgart","isPartOf":{"@id":"https:\/\/www.its-projekt.de\/#website"},"datePublished":"2021-09-15T14:36:51+00:00","dateModified":"2022-08-18T09:22:34+00:00","author":{"@id":"https:\/\/www.its-projekt.de\/#\/schema\/person\/ff986de44399e971dba1793807c6140f"},"description":"From September 16 to 22, the first Mobility Week will take place in Stuttgart. The ITS is taking part and offers unique guided tours by bike.","breadcrumb":{"@id":"https:\/\/www.its-projekt.de\/mobilitaetswoche\/#breadcrumb"},"inLanguage":"en-US","potentialAction":[{"@type":"ReadAction","target":["https:\/\/www.its-projekt.de\/mobilitaetswoche\/"]}]},{"@type":"BreadcrumbList","@id":"https:\/\/www.its-projekt.de\/mobilitaetswoche\/#breadcrumb","itemListElement":[{"@type":"ListItem","position":1,"name":"Startseite","item":"https:\/\/www.its-projekt.de\/"},{"@type":"ListItem","position":2,"name":"Mobilit\u00e4tswoche"}]},{"@type":"WebSite","@id":"https:\/\/www.its-projekt.de\/#website","url":"https:\/\/www.its-projekt.de\/","name":"InfoTurmStuttgart","description":"","potentialAction":[{"@type":"SearchAction","target":{"@type":"EntryPoint","urlTemplate":"https:\/\/www.its-projekt.de\/?s={search_term_string}"},"query-input":"required name=search_term_string"}],"inLanguage":"en-US"},{"@type":"Person","@id":"https:\/\/www.its-projekt.de\/#\/schema\/person\/ff986de44399e971dba1793807c6140f","name":"Elijah Roller","url":"https:\/\/www.its-projekt.de\/en\/author\/elijah-roller\/"}]}},"_links":{"self":[{"href":"https:\/\/www.its-projekt.de\/en\/wp-json\/wp\/v2\/posts\/3652","targetHints":{"allow":["GET"]}}],"collection":[{"href":"https:\/\/www.its-projekt.de\/en\/wp-json\/wp\/v2\/posts"}],"about":[{"href":"https:\/\/www.its-projekt.de\/en\/wp-json\/wp\/v2\/types\/post"}],"author":[{"embeddable":true,"href":"https:\/\/www.its-projekt.de\/en\/wp-json\/wp\/v2\/users\/19"}],"replies":[{"embeddable":true,"href":"https:\/\/www.its-projekt.de\/en\/wp-json\/wp\/v2\/comments?post=3652"}],"version-history":[{"count":22,"href":"https:\/\/www.its-projekt.de\/en\/wp-json\/wp\/v2\/posts\/3652\/revisions"}],"predecessor-version":[{"id":3691,"href":"https:\/\/www.its-projekt.de\/en\/wp-json\/wp\/v2\/posts\/3652\/revisions\/3691"}],"wp:attachment":[{"href":"https:\/\/www.its-projekt.de\/en\/wp-json\/wp\/v2\/media?parent=3652"}],"wp:term":[{"taxonomy":"category","embeddable":true,"href":"https:\/\/www.its-projekt.de\/en\/wp-json\/wp\/v2\/categories?post=3652"},{"taxonomy":"post_tag","embeddable":true,"href":"https:\/\/www.its-projekt.de\/en\/wp-json\/wp\/v2\/tags?post=3652"}],"curies":[{"name":"wp","href":"https:\/\/api.w.org\/{rel}","templated":true}]}}